{"id":11781,"date":"2026-09-01T12:55:02","date_gmt":"2026-09-01T10:55:02","guid":{"rendered":"https:\/\/yals.rs\/invitation-to-the-21st-yals-annual-conference-future-in-the-making-from-potential-to-possibility\/"},"modified":"2026-09-01T13:00:29","modified_gmt":"2026-09-01T11:00:29","slug":"invitation-to-the-21st-yals-annual-conference-future-in-the-making-from-potential-to-possibility","status":"publish","type":"post","link":"https:\/\/yals.rs\/en\/invitation-to-the-21st-yals-annual-conference-future-in-the-making-from-potential-to-possibility\/","title":{"rendered":"Invitation to the 21st Yals Annual Conference: Future in the Making: From Potential to Possibility"},"content":{"rendered":"<p><img fetchpriority=\"high\" decoding=\"async\" class=\"aligncenter size-full wp-image-11773\" src=\"https:\/\/yals.rs\/wp-content\/uploads\/2026\/09\/21st-yals-conference-2026-thumbnail.jpg\" alt=\"\" width=\"1000\" height=\"333\" srcset=\"https:\/\/yals.rs\/wp-content\/uploads\/2026\/09\/21st-yals-conference-2026-thumbnail.jpg 1000w, https:\/\/yals.rs\/wp-content\/uploads\/2026\/09\/21st-yals-conference-2026-thumbnail-300x100.jpg 300w, https:\/\/yals.rs\/wp-content\/uploads\/2026\/09\/21st-yals-conference-2026-thumbnail-768x256.jpg 768w, https:\/\/yals.rs\/wp-content\/uploads\/2026\/09\/21st-yals-conference-2026-thumbnail-360x120.jpg 360w, https:\/\/yals.rs\/wp-content\/uploads\/2026\/09\/21st-yals-conference-2026-thumbnail-373x124.jpg 373w, https:\/\/yals.rs\/wp-content\/uploads\/2026\/09\/21st-yals-conference-2026-thumbnail-620x206.jpg 620w, https:\/\/yals.rs\/wp-content\/uploads\/2026\/09\/21st-yals-conference-2026-thumbnail-460x153.jpg 460w, https:\/\/yals.rs\/wp-content\/uploads\/2026\/09\/21st-yals-conference-2026-thumbnail-365x122.jpg 365w\" sizes=\"(max-width: 1000px) 100vw, 1000px\" \/><\/p>\n<p>&nbsp;<\/p>\n<p>Dear Colleagues and School Representatives,<\/p>\n<p>We cordially invite you to participate in the <strong>21st Yals Annual Conference: <em>Future in the Making: From Potential to Possibility<\/em><\/strong>, which will take place on <strong>10 October 2026<\/strong> at the <strong>Palace Hotel<\/strong> (23 Topli\u010din venac, Belgrade).<\/p>\n<p>The event traditionally gathers enthusiastic language teachers and academic managers from Serbia and abroad wishing to exchange practical ideas, enhance classroom dynamics, and explore current trends shaping the future of language education. This year\u2019s conference is proudly supported by our long-term partners, including <strong>RELO &amp; the US Embassy in Belgrade<\/strong>, <strong>Eaquals<\/strong>, as well as esteemed publishing partners and sponsors.<\/p>\n<p>Our rich professional programme features:<\/p>\n<ul>\n<li><strong>Welcome Addresses<\/strong> by Yals Chair, Ms Marija Pejatovi\u0107, and representatives from RELO &amp; the US Embassy in Belgrade.<\/li>\n<li><strong>Plenary &amp; Practical Sessions<\/strong> by renowned national and international speakers:\n<ul>\n<li><strong>Nata\u0161a Jankovi\u0107, PhD<\/strong> (Faculty of Education &amp; Faculty of Dramatic Arts, University of Arts, Belgrade): <em>The Power of Classroom Dynamics<\/em><\/li>\n<li><strong>Beata Dudzi\u0144ska<\/strong> (Pearson Sales Director for WCE Europe): <em>The Future of Education: Current Trends<\/em><\/li>\n<li><strong>Nicky Koutalianou<\/strong> (Bourtsoukli FLS &amp; QLS Association, Greece): <em>Motivating Learners &amp; Teaching Soft Skills Through A.I.<\/em><\/li>\n<li><strong>Alegra Nikolova-Ristovska<\/strong> (Gotse Delchev Primary School, Skopje, North Macedonia): <em>Can grammar practice be fun for students?<\/em><\/li>\n<li><strong>Marija Pejatovi\u0107<\/strong> (Oxford School Leskovac &amp; Yals Chair): <em>How to promote leadership skills in education?<\/em><\/li>\n<\/ul>\n<\/li>\n<li><strong>Partner &amp; Project Presentations<\/strong> featuring inspiring initiatives: the Debate Festival (QLS Greece), Reading Competition (OPTIMA Bulgaria), and Erasmus+ Opportunities (Blackbird School, Serbia).<\/li>\n<\/ul>\n<p>The detailed timetable, presentation abstracts, and presenters\u2019 biographies are available at the link below:<\/p>\n<p>&nbsp;<\/p>\n<p><strong><a href=\"https:\/\/yals.rs\/wp-content\/uploads\/2026\/09\/YALS-Conf-Programme-10-Oct-2026.pdf\"><em>2026 YALS CONFERENCE PROGRAMME<\/em><\/a><\/strong><\/p>\n<p>The conference fee is RSD 4,000.00, including buffet lunch at the cosy Palace Restaurant and two coffee servings at the Palace Panorama Hall where the presentations take place. The number of seats is limited, so the participants will be admitted on a first-come, first-served basis. A confirmation email will be sent upon expiration of\u00a0<strong>the registration deadline, 3 October 2026<\/strong>. If you would like to attend the event, please follow the link to the registration form provided below:<\/p>\n<p>&nbsp;<\/p>\n<p><a href=\"https:\/\/docs.google.com\/forms\/d\/e\/1FAIpQLSekdcBbZagi8jSnDcEkQNn8Y_qq-mnmejXF9rCWlaz-kDVyDg\/viewform?usp=header\"><em><strong>2026 YALS CONFERENCE REGISTRATION FORM<\/strong> <\/em><\/a><\/p>\n<p>&nbsp;<\/p>\n<p>Should you need directions to the conference venue, follow this link:<\/p>\n<p><a href=\"https:\/\/maps.google.com\/\"><strong>Palace Hotel pinned on the map<\/strong><\/a><\/p>\n<p>&nbsp;<\/p>\n<p>We look forward to welcoming you and working together to shape the future of language learning!<\/p>\n<p><strong>2026 Yals Conference Organising Team<\/strong><\/p>\n","protected":false},"excerpt":{"rendered":"<p class=\"tx-excerpt\">&nbsp; Dear Colleagues and School Representatives, We cordially invite you to participate in the 21st Yals Annual Conference: Future in the Making: From Potential to...<\/p>","protected":false},"author":1,"featured_media":11780,"comment_status":"closed","ping_status":"closed","sticky":false,"template":"","format":"standard","meta":{"footnotes":""},"categories":[237],"tags":[],"class_list":["post-11781","post","type-post","status-publish","format-standard","has-post-thumbnail","hentry","category-news"],"aioseo_notices":[],"aioseo_head":"\n\t\t<!-- All in One SEO 5.0.1.1 - aioseo.com -->\n\t<meta name=\"description\" content=\"Dear Colleagues and School Representatives, We cordially invite you to participate in the 21st Yals Annual Conference: Future in the Making: From Potential to Possibility, which will take place on 10 October 2026 at the Palace Hotel (23 Topli\u010din venac, Belgrade). The event traditionally gathers enthusiastic language teachers and academic managers from Serbia and\" \/>\n\t<meta name=\"robots\" content=\"max-image-preview:large\" \/>\n\t<meta name=\"author\" content=\"filipfil\"\/>\n\t<link rel=\"canonical\" href=\"https:\/\/yals.rs\/en\/invitation-to-the-21st-yals-annual-conference-future-in-the-making-from-potential-to-possibility\/\" \/>\n\t<meta name=\"generator\" content=\"All in One SEO (AIOSEO) 5.0.1.1\" \/>\n\t\t<meta property=\"og:locale\" content=\"en_US\" \/>\n\t\t<meta property=\"og:site_name\" content=\"YALS - Udru\u017eenje \u0161kola stranih jezika Srbije - Udru\u017eenje \u0161kola stranih jezika Yals Srbija\" \/>\n\t\t<meta property=\"og:type\" content=\"article\" \/>\n\t\t<meta property=\"og:title\" content=\"Invitation to the 21st Yals Annual Conference: Future in the Making: From Potential to Possibility - YALS - Udru\u017eenje \u0161kola stranih jezika Srbije\" \/>\n\t\t<meta property=\"og:description\" content=\"Dear Colleagues and School Representatives, We cordially invite you to participate in the 21st Yals Annual Conference: Future in the Making: From Potential to Possibility, which will take place on 10 October 2026 at the Palace Hotel (23 Topli\u010din venac, Belgrade). The event traditionally gathers enthusiastic language teachers and academic managers from Serbia and\" \/>\n\t\t<meta property=\"og:url\" content=\"https:\/\/yals.rs\/en\/invitation-to-the-21st-yals-annual-conference-future-in-the-making-from-potential-to-possibility\/\" \/>\n\t\t<meta property=\"article:published_time\" content=\"2026-09-01T10:55:02+00:00\" \/>\n\t\t<meta property=\"article:modified_time\" content=\"2026-09-01T11:00:29+00:00\" \/>\n\t\t<meta property=\"article:publisher\" content=\"https:\/\/www.facebook.com\/yals.rs\/\" \/>\n\t\t<meta name=\"twitter:card\" content=\"summary_large_image\" \/>\n\t\t<meta name=\"twitter:title\" content=\"Invitation to the 21st Yals Annual Conference: Future in the Making: From Potential to Possibility - YALS - Udru\u017eenje \u0161kola stranih jezika Srbije\" \/>\n\t\t<meta name=\"twitter:description\" content=\"Dear Colleagues and School Representatives, We cordially invite you to participate in the 21st Yals Annual Conference: Future in the Making: From Potential to Possibility, which will take place on 10 October 2026 at the Palace Hotel (23 Topli\u010din venac, Belgrade). The event traditionally gathers enthusiastic language teachers and academic managers from Serbia and\" \/>\n\t\t<script type=\"application\/ld+json\" class=\"aioseo-schema\">\n\t\t\t{\"@context\":\"https:\\\/\\\/schema.org\",\"@graph\":[{\"@type\":\"BlogPosting\",\"@id\":\"https:\\\/\\\/yals.rs\\\/en\\\/invitation-to-the-21st-yals-annual-conference-future-in-the-making-from-potential-to-possibility\\\/#blogposting\",\"name\":\"Invitation to the 21st Yals Annual Conference: Future in the Making: From Potential to Possibility - YALS - Udru\\u017eenje \\u0161kola stranih jezika Srbije\",\"headline\":\"Invitation to the 21st Yals Annual Conference: Future in the Making: From Potential to Possibility\",\"author\":{\"@id\":\"https:\\\/\\\/yals.rs\\\/en\\\/author\\\/filipfil\\\/#author\"},\"publisher\":{\"@id\":\"https:\\\/\\\/yals.rs\\\/en\\\/#organization\"},\"image\":{\"@type\":\"ImageObject\",\"url\":\"https:\\\/\\\/yals.rs\\\/wp-content\\\/uploads\\\/2026\\\/09\\\/21st-yals-conference-2026.jpg\",\"width\":1200,\"height\":600},\"datePublished\":\"2026-09-01T12:55:02+02:00\",\"dateModified\":\"2026-09-01T13:00:29+02:00\",\"inLanguage\":\"en-US\",\"mainEntityOfPage\":{\"@id\":\"https:\\\/\\\/yals.rs\\\/en\\\/invitation-to-the-21st-yals-annual-conference-future-in-the-making-from-potential-to-possibility\\\/#webpage\"},\"isPartOf\":{\"@id\":\"https:\\\/\\\/yals.rs\\\/en\\\/invitation-to-the-21st-yals-annual-conference-future-in-the-making-from-potential-to-possibility\\\/#webpage\"},\"articleSection\":\"News, Optional\"},{\"@type\":\"BreadcrumbList\",\"@id\":\"https:\\\/\\\/yals.rs\\\/en\\\/invitation-to-the-21st-yals-annual-conference-future-in-the-making-from-potential-to-possibility\\\/#breadcrumblist\",\"itemListElement\":[{\"@type\":\"ListItem\",\"@id\":\"https:\\\/\\\/yals.rs\\\/en\\\/#listItem\",\"position\":1,\"name\":\"Home\",\"item\":\"https:\\\/\\\/yals.rs\\\/en\\\/\",\"nextItem\":{\"@type\":\"ListItem\",\"@id\":\"https:\\\/\\\/yals.rs\\\/en\\\/category\\\/news\\\/#listItem\",\"name\":\"News\"}},{\"@type\":\"ListItem\",\"@id\":\"https:\\\/\\\/yals.rs\\\/en\\\/category\\\/news\\\/#listItem\",\"position\":2,\"name\":\"News\",\"item\":\"https:\\\/\\\/yals.rs\\\/en\\\/category\\\/news\\\/\",\"nextItem\":{\"@type\":\"ListItem\",\"@id\":\"https:\\\/\\\/yals.rs\\\/en\\\/invitation-to-the-21st-yals-annual-conference-future-in-the-making-from-potential-to-possibility\\\/#listItem\",\"name\":\"Invitation to the 21st Yals Annual Conference: Future in the Making: From Potential to Possibility\"},\"previousItem\":{\"@type\":\"ListItem\",\"@id\":\"https:\\\/\\\/yals.rs\\\/en\\\/#listItem\",\"name\":\"Home\"}},{\"@type\":\"ListItem\",\"@id\":\"https:\\\/\\\/yals.rs\\\/en\\\/invitation-to-the-21st-yals-annual-conference-future-in-the-making-from-potential-to-possibility\\\/#listItem\",\"position\":3,\"name\":\"Invitation to the 21st Yals Annual Conference: Future in the Making: From Potential to Possibility\",\"previousItem\":{\"@type\":\"ListItem\",\"@id\":\"https:\\\/\\\/yals.rs\\\/en\\\/category\\\/news\\\/#listItem\",\"name\":\"News\"}}]},{\"@type\":\"Organization\",\"@id\":\"https:\\\/\\\/yals.rs\\\/en\\\/#organization\",\"name\":\"YALS - Udru\\u017eenje \\u0161kola stranih jezika\",\"description\":\"Udru\\u017eenje \\u0161kola stranih jezika Yals Srbija\",\"url\":\"https:\\\/\\\/yals.rs\\\/en\\\/\",\"telephone\":\"+381113822722\",\"logo\":{\"@type\":\"ImageObject\",\"url\":\"https:\\\/\\\/yals.rs\\\/wp-content\\\/uploads\\\/2022\\\/08\\\/favicon.png\",\"@id\":\"https:\\\/\\\/yals.rs\\\/en\\\/invitation-to-the-21st-yals-annual-conference-future-in-the-making-from-potential-to-possibility\\\/#organizationLogo\",\"width\":512,\"height\":512},\"image\":{\"@id\":\"https:\\\/\\\/yals.rs\\\/en\\\/invitation-to-the-21st-yals-annual-conference-future-in-the-making-from-potential-to-possibility\\\/#organizationLogo\"},\"sameAs\":[\"https:\\\/\\\/www.facebook.com\\\/yals.rs\\\/\",\"https:\\\/\\\/www.instagram.com\\\/yals_udruzenje_skola\\\/?hl=en\"]},{\"@type\":\"Person\",\"@id\":\"https:\\\/\\\/yals.rs\\\/en\\\/author\\\/filipfil\\\/#author\",\"url\":\"https:\\\/\\\/yals.rs\\\/en\\\/author\\\/filipfil\\\/\",\"name\":\"filipfil\",\"image\":{\"@type\":\"ImageObject\",\"@id\":\"https:\\\/\\\/yals.rs\\\/en\\\/invitation-to-the-21st-yals-annual-conference-future-in-the-making-from-potential-to-possibility\\\/#authorImage\",\"url\":\"https:\\\/\\\/secure.gravatar.com\\\/avatar\\\/4893fc07b2700c9cee91a5cb41a3196d4d82b5a2b6127b250fe70084b463a3a7?s=96&d=mm&r=g\",\"width\":96,\"height\":96,\"caption\":\"filipfil\"}},{\"@type\":\"WebPage\",\"@id\":\"https:\\\/\\\/yals.rs\\\/en\\\/invitation-to-the-21st-yals-annual-conference-future-in-the-making-from-potential-to-possibility\\\/#webpage\",\"url\":\"https:\\\/\\\/yals.rs\\\/en\\\/invitation-to-the-21st-yals-annual-conference-future-in-the-making-from-potential-to-possibility\\\/\",\"name\":\"Invitation to the 21st Yals Annual Conference: Future in the Making: From Potential to Possibility - YALS - Udru\\u017eenje \\u0161kola stranih jezika Srbije\",\"description\":\"Dear Colleagues and School Representatives, We cordially invite you to participate in the 21st Yals Annual Conference: Future in the Making: From Potential to Possibility, which will take place on 10 October 2026 at the Palace Hotel (23 Topli\\u010din venac, Belgrade). The event traditionally gathers enthusiastic language teachers and academic managers from Serbia and\",\"inLanguage\":\"en-US\",\"isPartOf\":{\"@id\":\"https:\\\/\\\/yals.rs\\\/en\\\/#website\"},\"breadcrumb\":{\"@id\":\"https:\\\/\\\/yals.rs\\\/en\\\/invitation-to-the-21st-yals-annual-conference-future-in-the-making-from-potential-to-possibility\\\/#breadcrumblist\"},\"author\":{\"@id\":\"https:\\\/\\\/yals.rs\\\/en\\\/author\\\/filipfil\\\/#author\"},\"creator\":{\"@id\":\"https:\\\/\\\/yals.rs\\\/en\\\/author\\\/filipfil\\\/#author\"},\"image\":{\"@type\":\"ImageObject\",\"url\":\"https:\\\/\\\/yals.rs\\\/wp-content\\\/uploads\\\/2026\\\/09\\\/21st-yals-conference-2026.jpg\",\"@id\":\"https:\\\/\\\/yals.rs\\\/en\\\/invitation-to-the-21st-yals-annual-conference-future-in-the-making-from-potential-to-possibility\\\/#mainImage\",\"width\":1200,\"height\":600},\"primaryImageOfPage\":{\"@id\":\"https:\\\/\\\/yals.rs\\\/en\\\/invitation-to-the-21st-yals-annual-conference-future-in-the-making-from-potential-to-possibility\\\/#mainImage\"},\"datePublished\":\"2026-09-01T12:55:02+02:00\",\"dateModified\":\"2026-09-01T13:00:29+02:00\"},{\"@type\":\"WebSite\",\"@id\":\"https:\\\/\\\/yals.rs\\\/en\\\/#website\",\"url\":\"https:\\\/\\\/yals.rs\\\/en\\\/\",\"name\":\"YALS - Udru\\u017eenje \\u0161kola stranih jezika Srbije\",\"description\":\"Udru\\u017eenje \\u0161kola stranih jezika Yals Srbija\",\"inLanguage\":\"en-US\",\"publisher\":{\"@id\":\"https:\\\/\\\/yals.rs\\\/en\\\/#organization\"}}]}\n\t\t<\/script>\n\t\t<!-- All in One SEO -->\n\n","aioseo_head_json":{"title":"Invitation to the 21st Yals Annual Conference: Future in the Making: From Potential to Possibility - YALS - Udru\u017eenje \u0161kola stranih jezika Srbije","description":"Dear Colleagues and School Representatives, We cordially invite you to participate in the 21st Yals Annual Conference: Future in the Making: From Potential to Possibility, which will take place on 10 October 2026 at the Palace Hotel (23 Topli\u010din venac, Belgrade). The event traditionally gathers enthusiastic language teachers and academic managers from Serbia and","canonical_url":"https:\/\/yals.rs\/en\/invitation-to-the-21st-yals-annual-conference-future-in-the-making-from-potential-to-possibility\/","robots":"max-image-preview:large","keywords":"","webmasterTools":{"miscellaneous":""},"schema":{"@context":"https:\/\/schema.org","@graph":[{"@type":"BlogPosting","@id":"https:\/\/yals.rs\/en\/invitation-to-the-21st-yals-annual-conference-future-in-the-making-from-potential-to-possibility\/#blogposting","name":"Invitation to the 21st Yals Annual Conference: Future in the Making: From Potential to Possibility - YALS - Udru\u017eenje \u0161kola stranih jezika Srbije","headline":"Invitation to the 21st Yals Annual Conference: Future in the Making: From Potential to Possibility","author":{"@id":"https:\/\/yals.rs\/en\/author\/filipfil\/#author"},"publisher":{"@id":"https:\/\/yals.rs\/en\/#organization"},"image":{"@type":"ImageObject","url":"https:\/\/yals.rs\/wp-content\/uploads\/2026\/09\/21st-yals-conference-2026.jpg","width":1200,"height":600},"datePublished":"2026-09-01T12:55:02+02:00","dateModified":"2026-09-01T13:00:29+02:00","inLanguage":"en-US","mainEntityOfPage":{"@id":"https:\/\/yals.rs\/en\/invitation-to-the-21st-yals-annual-conference-future-in-the-making-from-potential-to-possibility\/#webpage"},"isPartOf":{"@id":"https:\/\/yals.rs\/en\/invitation-to-the-21st-yals-annual-conference-future-in-the-making-from-potential-to-possibility\/#webpage"},"articleSection":"News, Optional"},{"@type":"BreadcrumbList","@id":"https:\/\/yals.rs\/en\/invitation-to-the-21st-yals-annual-conference-future-in-the-making-from-potential-to-possibility\/#breadcrumblist","itemListElement":[{"@type":"ListItem","@id":"https:\/\/yals.rs\/en\/#listItem","position":1,"name":"Home","item":"https:\/\/yals.rs\/en\/","nextItem":{"@type":"ListItem","@id":"https:\/\/yals.rs\/en\/category\/news\/#listItem","name":"News"}},{"@type":"ListItem","@id":"https:\/\/yals.rs\/en\/category\/news\/#listItem","position":2,"name":"News","item":"https:\/\/yals.rs\/en\/category\/news\/","nextItem":{"@type":"ListItem","@id":"https:\/\/yals.rs\/en\/invitation-to-the-21st-yals-annual-conference-future-in-the-making-from-potential-to-possibility\/#listItem","name":"Invitation to the 21st Yals Annual Conference: Future in the Making: From Potential to Possibility"},"previousItem":{"@type":"ListItem","@id":"https:\/\/yals.rs\/en\/#listItem","name":"Home"}},{"@type":"ListItem","@id":"https:\/\/yals.rs\/en\/invitation-to-the-21st-yals-annual-conference-future-in-the-making-from-potential-to-possibility\/#listItem","position":3,"name":"Invitation to the 21st Yals Annual Conference: Future in the Making: From Potential to Possibility","previousItem":{"@type":"ListItem","@id":"https:\/\/yals.rs\/en\/category\/news\/#listItem","name":"News"}}]},{"@type":"Organization","@id":"https:\/\/yals.rs\/en\/#organization","name":"YALS - Udru\u017eenje \u0161kola stranih jezika","description":"Udru\u017eenje \u0161kola stranih jezika Yals Srbija","url":"https:\/\/yals.rs\/en\/","telephone":"+381113822722","logo":{"@type":"ImageObject","url":"https:\/\/yals.rs\/wp-content\/uploads\/2022\/08\/favicon.png","@id":"https:\/\/yals.rs\/en\/invitation-to-the-21st-yals-annual-conference-future-in-the-making-from-potential-to-possibility\/#organizationLogo","width":512,"height":512},"image":{"@id":"https:\/\/yals.rs\/en\/invitation-to-the-21st-yals-annual-conference-future-in-the-making-from-potential-to-possibility\/#organizationLogo"},"sameAs":["https:\/\/www.facebook.com\/yals.rs\/","https:\/\/www.instagram.com\/yals_udruzenje_skola\/?hl=en"]},{"@type":"Person","@id":"https:\/\/yals.rs\/en\/author\/filipfil\/#author","url":"https:\/\/yals.rs\/en\/author\/filipfil\/","name":"filipfil","image":{"@type":"ImageObject","@id":"https:\/\/yals.rs\/en\/invitation-to-the-21st-yals-annual-conference-future-in-the-making-from-potential-to-possibility\/#authorImage","url":"https:\/\/secure.gravatar.com\/avatar\/4893fc07b2700c9cee91a5cb41a3196d4d82b5a2b6127b250fe70084b463a3a7?s=96&d=mm&r=g","width":96,"height":96,"caption":"filipfil"}},{"@type":"WebPage","@id":"https:\/\/yals.rs\/en\/invitation-to-the-21st-yals-annual-conference-future-in-the-making-from-potential-to-possibility\/#webpage","url":"https:\/\/yals.rs\/en\/invitation-to-the-21st-yals-annual-conference-future-in-the-making-from-potential-to-possibility\/","name":"Invitation to the 21st Yals Annual Conference: Future in the Making: From Potential to Possibility - YALS - Udru\u017eenje \u0161kola stranih jezika Srbije","description":"Dear Colleagues and School Representatives, We cordially invite you to participate in the 21st Yals Annual Conference: Future in the Making: From Potential to Possibility, which will take place on 10 October 2026 at the Palace Hotel (23 Topli\u010din venac, Belgrade). The event traditionally gathers enthusiastic language teachers and academic managers from Serbia and","inLanguage":"en-US","isPartOf":{"@id":"https:\/\/yals.rs\/en\/#website"},"breadcrumb":{"@id":"https:\/\/yals.rs\/en\/invitation-to-the-21st-yals-annual-conference-future-in-the-making-from-potential-to-possibility\/#breadcrumblist"},"author":{"@id":"https:\/\/yals.rs\/en\/author\/filipfil\/#author"},"creator":{"@id":"https:\/\/yals.rs\/en\/author\/filipfil\/#author"},"image":{"@type":"ImageObject","url":"https:\/\/yals.rs\/wp-content\/uploads\/2026\/09\/21st-yals-conference-2026.jpg","@id":"https:\/\/yals.rs\/en\/invitation-to-the-21st-yals-annual-conference-future-in-the-making-from-potential-to-possibility\/#mainImage","width":1200,"height":600},"primaryImageOfPage":{"@id":"https:\/\/yals.rs\/en\/invitation-to-the-21st-yals-annual-conference-future-in-the-making-from-potential-to-possibility\/#mainImage"},"datePublished":"2026-09-01T12:55:02+02:00","dateModified":"2026-09-01T13:00:29+02:00"},{"@type":"WebSite","@id":"https:\/\/yals.rs\/en\/#website","url":"https:\/\/yals.rs\/en\/","name":"YALS - Udru\u017eenje \u0161kola stranih jezika Srbije","description":"Udru\u017eenje \u0161kola stranih jezika Yals Srbija","inLanguage":"en-US","publisher":{"@id":"https:\/\/yals.rs\/en\/#organization"}}]},"og:locale":"en_US","og:site_name":"YALS - Udru\u017eenje \u0161kola stranih jezika Srbije - Udru\u017eenje \u0161kola stranih jezika Yals Srbija","og:type":"article","og:title":"Invitation to the 21st Yals Annual Conference: Future in the Making: From Potential to Possibility - YALS - Udru\u017eenje \u0161kola stranih jezika Srbije","og:description":"Dear Colleagues and School Representatives, We cordially invite you to participate in the 21st Yals Annual Conference: Future in the Making: From Potential to Possibility, which will take place on 10 October 2026 at the Palace Hotel (23 Topli\u010din venac, Belgrade). The event traditionally gathers enthusiastic language teachers and academic managers from Serbia and","og:url":"https:\/\/yals.rs\/en\/invitation-to-the-21st-yals-annual-conference-future-in-the-making-from-potential-to-possibility\/","article:published_time":"2026-09-01T10:55:02+00:00","article:modified_time":"2026-09-01T11:00:29+00:00","article:publisher":"https:\/\/www.facebook.com\/yals.rs\/","twitter:card":"summary_large_image","twitter:title":"Invitation to the 21st Yals Annual Conference: Future in the Making: From Potential to Possibility - YALS - Udru\u017eenje \u0161kola stranih jezika Srbije","twitter:description":"Dear Colleagues and School Representatives, We cordially invite you to participate in the 21st Yals Annual Conference: Future in the Making: From Potential to Possibility, which will take place on 10 October 2026 at the Palace Hotel (23 Topli\u010din venac, Belgrade). The event traditionally gathers enthusiastic language teachers and academic managers from Serbia and"},"aioseo_meta_data":{"post_id":"11781","title":null,"description":null,"keywords":null,"keyphrases":{"focus":{"keyphrase":"","score":0,"analysis":{"keyphraseInTitle":{"score":0,"maxScore":9,"error":1}}},"additional":[]},"primary_term":null,"canonical_url":null,"og_title":null,"og_description":null,"og_object_type":"default","og_image_type":"default","og_image_url":null,"og_image_width":null,"og_image_height":null,"og_image_custom_url":null,"og_image_custom_fields":null,"og_video":"","og_custom_url":null,"og_article_section":null,"og_article_tags":null,"twitter_use_og":false,"twitter_card":"default","twitter_image_type":"default","twitter_image_url":null,"twitter_image_custom_url":null,"twitter_image_custom_fields":null,"twitter_title":null,"twitter_description":null,"schema":{"blockGraphs":[],"customGraphs":[],"default":{"data":{"Article":[],"Course":[],"Dataset":[],"FAQPage":[],"Movie":[],"Person":[],"Product":[],"ProductReview":[],"Car":[],"Recipe":[],"Service":[],"SoftwareApplication":[],"WebPage":[]},"graphName":"BlogPosting","isEnabled":true},"graphs":[]},"schema_type":"default","schema_type_options":null,"pillar_content":false,"robots_default":true,"robots_noindex":false,"robots_noarchive":false,"robots_nosnippet":false,"robots_nofollow":false,"robots_noimageindex":false,"robots_noodp":false,"robots_notranslate":false,"robots_max_snippet":"-1","robots_max_videopreview":"-1","robots_max_imagepreview":"large","priority":null,"frequency":"default","local_seo":null,"breadcrumb_settings":null,"limit_modified_date":false,"ai":{"faqs":[],"keyPoints":[],"schemas":[],"titles":[],"descriptions":[],"socialPosts":{"email":{"subject":"","preview":"","content":""},"linkedin":[],"twitter":[],"facebook":[],"instagram":[]}},"created":"2026-09-01 10:58:04","updated":"2026-09-01 11:02:58","seo_analyzer_scan_date":null,"focus_keyword":null,"additional_keywords":null,"truseo_locale":null},"aioseo_breadcrumb":"<div class=\"aioseo-breadcrumbs\"><span class=\"aioseo-breadcrumb\">\n\t\t\t<a href=\"https:\/\/yals.rs\/en\/\" title=\"Home\">Home<\/a>\n\t\t<\/span><span class=\"aioseo-breadcrumb-separator\">&raquo;<\/span><span class=\"aioseo-breadcrumb\">\n\t\t\t<a href=\"https:\/\/yals.rs\/en\/category\/news\/\" title=\"News\">News<\/a>\n\t\t<\/span><span class=\"aioseo-breadcrumb-separator\">&raquo;<\/span><span class=\"aioseo-breadcrumb\">\n\t\t\tInvitation to the 21st Yals Annual Conference: Future in the Making: From Potential to Possibility\n\t\t<\/span><\/div>","aioseo_breadcrumb_json":[{"label":"Home","link":"https:\/\/yals.rs\/en\/"},{"label":"News","link":"https:\/\/yals.rs\/en\/category\/news\/"},{"label":"Invitation to the 21st Yals Annual Conference: Future in the Making: From Potential to Possibility","link":"https:\/\/yals.rs\/en\/invitation-to-the-21st-yals-annual-conference-future-in-the-making-from-potential-to-possibility\/"}],"_links":{"self":[{"href":"https:\/\/yals.rs\/en\/wp-json\/wp\/v2\/posts\/11781","targetHints":{"allow":["GET"]}}],"collection":[{"href":"https:\/\/yals.rs\/en\/wp-json\/wp\/v2\/posts"}],"about":[{"href":"https:\/\/yals.rs\/en\/wp-json\/wp\/v2\/types\/post"}],"author":[{"embeddable":true,"href":"https:\/\/yals.rs\/en\/wp-json\/wp\/v2\/users\/1"}],"replies":[{"embeddable":true,"href":"https:\/\/yals.rs\/en\/wp-json\/wp\/v2\/comments?post=11781"}],"version-history":[{"count":2,"href":"https:\/\/yals.rs\/en\/wp-json\/wp\/v2\/posts\/11781\/revisions"}],"predecessor-version":[{"id":11783,"href":"https:\/\/yals.rs\/en\/wp-json\/wp\/v2\/posts\/11781\/revisions\/11783"}],"wp:featuredmedia":[{"embeddable":true,"href":"https:\/\/yals.rs\/en\/wp-json\/wp\/v2\/media\/11780"}],"wp:attachment":[{"href":"https:\/\/yals.rs\/en\/wp-json\/wp\/v2\/media?parent=11781"}],"wp:term":[{"taxonomy":"category","embeddable":true,"href":"https:\/\/yals.rs\/en\/wp-json\/wp\/v2\/categories?post=11781"},{"taxonomy":"post_tag","embeddable":true,"href":"https:\/\/yals.rs\/en\/wp-json\/wp\/v2\/tags?post=11781"}],"curies":[{"name":"wp","href":"https:\/\/api.w.org\/{rel}","templated":true}]}}